{"id":350,"date":"2012-03-08T08:29:52","date_gmt":"2012-03-08T07:29:52","guid":{"rendered":"http:\/\/www.akw-fitness.de\/blog\/?p=350"},"modified":"2023-02-10T13:24:44","modified_gmt":"2023-02-10T11:24:44","slug":"die-richtige-vorbereitung-auf-die-volkslaeufe-im-sommer","status":"publish","type":"post","link":"https:\/\/www.akw-fitness.de\/blog\/ausdauertraining\/die-richtige-vorbereitung-auf-die-volkslaeufe-im-sommer.html","title":{"rendered":"Die richtige Vorbereitung auf die Volksl\u00e4ufe im Sommer"},"content":{"rendered":"<p>Gro\u00dfe Ereignisse werfen ihre Schatten voraus. <a href=\"https:\/\/www.lauftreff.de\/suche.php\" target=\"_blank\" rel=\"noopener\">Volksl\u00e4ufe entwickeln sich immer mehr zum Breitensport<\/a> und werden j\u00e4hrlich von einer gro\u00dfen Anzahl aktiver Teilnehmer frequentiert. Klein und gro\u00df beteiligen sich mit gro\u00dfem Eifer und Enthusiasmus an diesen beliebten Sportevents, die vorzugsweise in den Sommermonaten \u00fcberall im Lande organisiert werden. Die einzelnen Gruppen aktiver Teilnehmer werden f\u00fcr gew\u00f6hnlich in die verschiedenen Altersgruppen eingeteilt auf ihre jeweilige Laufstrecke geschickt, die in einer L\u00e4nge zwischen 2000 Metern und der Halbmarathon Distanz von etwa 21 Kilometern liegt. Die Begeisterung bei den j\u00fcngeren Aktivisten ist un\u00fcbersehbar. Bei den \u00e4lteren Teilnehmern ist schon ein St\u00fcck Ernst mit im Spiel, denn bei Ihnen gilt es nicht nur, die lange Distanz zu bew\u00e4ltigen, sondern m\u00f6glichst auch einen guten Platz im vorderen Feld der Teilnehmerschar zu erreichen.<!--more--><\/p>\n<h2>Zielf\u00fchrende Vorbereitung auf gro\u00dfe Sportevents<\/h2>\n<p>Es versteht sich von selbst, dass Strecken von 10 bis 20 Kilometern Dauerlauf nicht ohne eine planvolle und zielf\u00fchrende Vorbereitung bew\u00e4ltigt werden k\u00f6nnen. Regelm\u00e4\u00dfiges Lauftraining muss schon viele Wochen im Voraus gestartet werden, ansonst wird die eigene Ankunft im Ziel erst nach der Siegerehrung stattfinden. Im Rahmen der sportlichen Vorbereitungsma\u00dfnahmen ist auch ein  professionelles Laufband eine gro\u00dfe Hilfe. Die Witterungsverh\u00e4ltnisse  erlauben nicht immer eine kontinuierliche gute Vorbereitung auf die  gro\u00dfe Herausforderung der verschiedenen Sportevents im Sommer. Da Veranstaltungen wie Volksl\u00e4ufe, Halbmarathon und Marathon  immer popul\u00e4rer werden, sind <a href=\"https:\/\/www.akw-fitness.de\/blog\/allgemein\/sportverletzungen-ernst-nehmen.html\">Sportverletzungen bei Freizeitsportlern<\/a> nicht zu  vernachl\u00e4ssigen. Deshalb sollte fr\u00fchzeitig mit dem Lauftraining auch schon in der kalten Jahreszeit begonnen werden, damit der Volkslauf auch zu Ende gelaufen werden kann. <\/p>\n<h2>Eine ausgewogene Ern\u00e4hrung ist ein entscheidender Beitrag<\/h2>\n<p>Bei Distanzen wie dem Halbmarathon oder Marathon muss neben dem Lauftraining auch noch ein passender Ern\u00e4hrungsplan aufgestellt und eingehalten werden. Au\u00dferdem muss der Teilnehmer auch lernen, auf der Strecke Nahrung und gen\u00fcgend Fl\u00fcssigkeit aufzunehmen, denn bei derartig langen Laufstrecken ist die Nahrungsaufnahme unterwegs sehr wichtig. Eine ausgewogene Ern\u00e4hrung f\u00fcr einen gesunden Muskelaufbau und einer gute k\u00f6rperlichen Verfassung im Allgemeinen, kann in der Vorbereitungsphase zus\u00e4tzlich durch spezielle Nahrungserg\u00e4nzungsmittel unterst\u00fctzt werden. Zus\u00e4tzliche Mineralien, Proteine und Vitamine k\u00f6nnen in diesem Zusammenhang einen wertvollen Beitrag leisten.<br \/>\nBei solchen Nahrungserg\u00e4nzungsmitteln ist es wichtig, dass sie gut vertr\u00e4glich sind und aus unbedenklichen Substanzen bestehen, die nicht durch unn\u00f6tige Zus\u00e4tze angereichert werden. Letztendlich sollte sich jeder Freizeitsportler von seinem Arzt einen pers\u00f6nlichen Trainingsplan entwerfen lassen, der zudem eine individuelle Dosierung der Nahrungserg\u00e4nzungsmittel ber\u00fccksichtigt.<\/p>\n","protected":false},"excerpt":{"rendered":"<p>Gro\u00dfe Ereignisse werfen ihre Schatten voraus. Volksl\u00e4ufe entwickeln sich immer mehr zum Breitensport und werden j\u00e4hrlich von einer gro\u00dfen Anzahl aktiver Teilnehmer frequentiert. Klein und gro\u00df beteiligen sich mit gro\u00dfem Eifer und Enthusiasmus an diesen beliebten Sportevents, die vorzugsweise in den Sommermonaten \u00fcberall im Lande organisiert werden. Die einzelnen Gruppen aktiver Teilnehmer werden f\u00fcr gew\u00f6hnlich in die verschiedenen Altersgruppen eingeteilt <\/p>\n","protected":false},"author":1,"featured_media":0,"comment_status":"open","ping_status":"open","sticky":false,"template":"","format":"standard","meta":{"_acf_changed":false,"ngg_post_thumbnail":0,"footnotes":""},"categories":[3],"tags":[351],"class_list":["post-350","post","type-post","status-publish","format-standard","hentry","category-ausdauertraining","tag-lauftraining"],"acf":[],"yoast_head":"<!-- This site is optimized with the Yoast SEO plugin v26.5 - https:\/\/yoast.com\/wordpress\/plugins\/seo\/ -->\n<title>Die richtige Vorbereitung auf die Volksl\u00e4ufe im Sommer<\/title>\n<meta name=\"description\" content=\"Gro\u00dfe Ereignisse werfen ihre Schatten voraus. Volksl\u00e4ufe entwickeln sich immer mehr zum Breitensport und werden j\u00e4hrlich von einer gro\u00dfen Anzahl aktiver\" \/>\n<meta name=\"robots\" content=\"index, follow, max-snippet:-1, max-image-preview:large, max-video-preview:-1\" \/>\n<link rel=\"canonical\" href=\"https:\/\/www.akw-fitness.de\/blog\/ausdauertraining\/die-richtige-vorbereitung-auf-die-volkslaeufe-im-sommer.html\" \/>\n<meta property=\"og:locale\" content=\"de_DE\" \/>\n<meta property=\"og:type\" content=\"article\" \/>\n<meta property=\"og:title\" content=\"Die richtige Vorbereitung auf die Volksl\u00e4ufe im Sommer\" \/>\n<meta property=\"og:description\" content=\"Gro\u00dfe Ereignisse werfen ihre Schatten voraus. Volksl\u00e4ufe entwickeln sich immer mehr zum Breitensport und werden j\u00e4hrlich von einer gro\u00dfen Anzahl aktiver\" \/>\n<meta property=\"og:url\" content=\"https:\/\/www.akw-fitness.de\/blog\/ausdauertraining\/die-richtige-vorbereitung-auf-die-volkslaeufe-im-sommer.html\" \/>\n<meta property=\"og:site_name\" content=\"Blog - AKW Fitness\" \/>\n<meta property=\"article:publisher\" content=\"https:\/\/www.facebook.com\/AKWFitness\/\" \/>\n<meta property=\"article:published_time\" content=\"2012-03-08T07:29:52+00:00\" \/>\n<meta property=\"article:modified_time\" content=\"2023-02-10T11:24:44+00:00\" \/>\n<meta name=\"author\" content=\"master\" \/>\n<meta name=\"twitter:card\" content=\"summary_large_image\" \/>\n<meta name=\"twitter:creator\" content=\"@akw_fitness\" \/>\n<meta name=\"twitter:site\" content=\"@akw_fitness\" \/>\n<meta name=\"twitter:label1\" content=\"Verfasst von\" \/>\n\t<meta name=\"twitter:data1\" content=\"master\" \/>\n\t<meta name=\"twitter:label2\" content=\"Gesch\u00e4tzte Lesezeit\" \/>\n\t<meta name=\"twitter:data2\" content=\"2\u00a0Minuten\" \/>\n<script type=\"application\/ld+json\" class=\"yoast-schema-graph\">{\"@context\":\"https:\/\/schema.org\",\"@graph\":[{\"@type\":\"Article\",\"@id\":\"https:\/\/www.akw-fitness.de\/blog\/ausdauertraining\/die-richtige-vorbereitung-auf-die-volkslaeufe-im-sommer.html#article\",\"isPartOf\":{\"@id\":\"https:\/\/www.akw-fitness.de\/blog\/ausdauertraining\/die-richtige-vorbereitung-auf-die-volkslaeufe-im-sommer.html\"},\"author\":{\"name\":\"master\",\"@id\":\"https:\/\/www.akw-fitness.de\/blog\/#\/schema\/person\/a56a1e298187a5bfaaceb1f80777c98b\"},\"headline\":\"Die richtige Vorbereitung auf die Volksl\u00e4ufe im Sommer\",\"datePublished\":\"2012-03-08T07:29:52+00:00\",\"dateModified\":\"2023-02-10T11:24:44+00:00\",\"mainEntityOfPage\":{\"@id\":\"https:\/\/www.akw-fitness.de\/blog\/ausdauertraining\/die-richtige-vorbereitung-auf-die-volkslaeufe-im-sommer.html\"},\"wordCount\":432,\"commentCount\":1,\"publisher\":{\"@id\":\"https:\/\/www.akw-fitness.de\/blog\/#organization\"},\"keywords\":[\"lauftraining\"],\"articleSection\":[\"Ausdauertraining\"],\"inLanguage\":\"de\",\"potentialAction\":[{\"@type\":\"CommentAction\",\"name\":\"Comment\",\"target\":[\"https:\/\/www.akw-fitness.de\/blog\/ausdauertraining\/die-richtige-vorbereitung-auf-die-volkslaeufe-im-sommer.html#respond\"]}]},{\"@type\":\"WebPage\",\"@id\":\"https:\/\/www.akw-fitness.de\/blog\/ausdauertraining\/die-richtige-vorbereitung-auf-die-volkslaeufe-im-sommer.html\",\"url\":\"https:\/\/www.akw-fitness.de\/blog\/ausdauertraining\/die-richtige-vorbereitung-auf-die-volkslaeufe-im-sommer.html\",\"name\":\"Die richtige Vorbereitung auf die Volksl\u00e4ufe im Sommer\",\"isPartOf\":{\"@id\":\"https:\/\/www.akw-fitness.de\/blog\/#website\"},\"datePublished\":\"2012-03-08T07:29:52+00:00\",\"dateModified\":\"2023-02-10T11:24:44+00:00\",\"description\":\"Gro\u00dfe Ereignisse werfen ihre Schatten voraus. Volksl\u00e4ufe entwickeln sich immer mehr zum Breitensport und werden j\u00e4hrlich von einer gro\u00dfen Anzahl aktiver\",\"breadcrumb\":{\"@id\":\"https:\/\/www.akw-fitness.de\/blog\/ausdauertraining\/die-richtige-vorbereitung-auf-die-volkslaeufe-im-sommer.html#breadcrumb\"},\"inLanguage\":\"de\",\"potentialAction\":[{\"@type\":\"ReadAction\",\"target\":[\"https:\/\/www.akw-fitness.de\/blog\/ausdauertraining\/die-richtige-vorbereitung-auf-die-volkslaeufe-im-sommer.html\"]}]},{\"@type\":\"BreadcrumbList\",\"@id\":\"https:\/\/www.akw-fitness.de\/blog\/ausdauertraining\/die-richtige-vorbereitung-auf-die-volkslaeufe-im-sommer.html#breadcrumb\",\"itemListElement\":[{\"@type\":\"ListItem\",\"position\":1,\"name\":\"Home\",\"item\":\"https:\/\/www.akw-fitness.de\/blog\"},{\"@type\":\"ListItem\",\"position\":2,\"name\":\"Die richtige Vorbereitung auf die Volksl\u00e4ufe im Sommer\"}]},{\"@type\":\"WebSite\",\"@id\":\"https:\/\/www.akw-fitness.de\/blog\/#website\",\"url\":\"https:\/\/www.akw-fitness.de\/blog\/\",\"name\":\"Blog - AKW Fitness\",\"description\":\"Blog - AKW Fitness\",\"publisher\":{\"@id\":\"https:\/\/www.akw-fitness.de\/blog\/#organization\"},\"potentialAction\":[{\"@type\":\"SearchAction\",\"target\":{\"@type\":\"EntryPoint\",\"urlTemplate\":\"https:\/\/www.akw-fitness.de\/blog\/?s={search_term_string}\"},\"query-input\":{\"@type\":\"PropertyValueSpecification\",\"valueRequired\":true,\"valueName\":\"search_term_string\"}}],\"inLanguage\":\"de\"},{\"@type\":\"Organization\",\"@id\":\"https:\/\/www.akw-fitness.de\/blog\/#organization\",\"name\":\"AKW Fitness & Sport Handels-GmbH\",\"url\":\"https:\/\/www.akw-fitness.de\/blog\/\",\"logo\":{\"@type\":\"ImageObject\",\"inLanguage\":\"de\",\"@id\":\"https:\/\/www.akw-fitness.de\/blog\/#\/schema\/logo\/image\/\",\"url\":\"https:\/\/www.akw-fitness.de\/blog\/wp-content\/uploads\/2014\/08\/logo.png\",\"contentUrl\":\"https:\/\/www.akw-fitness.de\/blog\/wp-content\/uploads\/2014\/08\/logo.png\",\"width\":168,\"height\":61,\"caption\":\"AKW Fitness & Sport Handels-GmbH\"},\"image\":{\"@id\":\"https:\/\/www.akw-fitness.de\/blog\/#\/schema\/logo\/image\/\"},\"sameAs\":[\"https:\/\/www.facebook.com\/AKWFitness\/\",\"https:\/\/x.com\/akw_fitness\",\"https:\/\/www.youtube.com\/channel\/UCwjhjjGbjpP-K_-4X0b5Uhg\"]},{\"@type\":\"Person\",\"@id\":\"https:\/\/www.akw-fitness.de\/blog\/#\/schema\/person\/a56a1e298187a5bfaaceb1f80777c98b\",\"name\":\"master\"}]}<\/script>\n<!-- \/ Yoast SEO plugin. -->","yoast_head_json":{"title":"Die richtige Vorbereitung auf die Volksl\u00e4ufe im Sommer","description":"Gro\u00dfe Ereignisse werfen ihre Schatten voraus. Volksl\u00e4ufe entwickeln sich immer mehr zum Breitensport und werden j\u00e4hrlich von einer gro\u00dfen Anzahl aktiver","robots":{"index":"index","follow":"follow","max-snippet":"max-snippet:-1","max-image-preview":"max-image-preview:large","max-video-preview":"max-video-preview:-1"},"canonical":"https:\/\/www.akw-fitness.de\/blog\/ausdauertraining\/die-richtige-vorbereitung-auf-die-volkslaeufe-im-sommer.html","og_locale":"de_DE","og_type":"article","og_title":"Die richtige Vorbereitung auf die Volksl\u00e4ufe im Sommer","og_description":"Gro\u00dfe Ereignisse werfen ihre Schatten voraus. Volksl\u00e4ufe entwickeln sich immer mehr zum Breitensport und werden j\u00e4hrlich von einer gro\u00dfen Anzahl aktiver","og_url":"https:\/\/www.akw-fitness.de\/blog\/ausdauertraining\/die-richtige-vorbereitung-auf-die-volkslaeufe-im-sommer.html","og_site_name":"Blog - AKW Fitness","article_publisher":"https:\/\/www.facebook.com\/AKWFitness\/","article_published_time":"2012-03-08T07:29:52+00:00","article_modified_time":"2023-02-10T11:24:44+00:00","author":"master","twitter_card":"summary_large_image","twitter_creator":"@akw_fitness","twitter_site":"@akw_fitness","twitter_misc":{"Verfasst von":"master","Gesch\u00e4tzte Lesezeit":"2\u00a0Minuten"},"schema":{"@context":"https:\/\/schema.org","@graph":[{"@type":"Article","@id":"https:\/\/www.akw-fitness.de\/blog\/ausdauertraining\/die-richtige-vorbereitung-auf-die-volkslaeufe-im-sommer.html#article","isPartOf":{"@id":"https:\/\/www.akw-fitness.de\/blog\/ausdauertraining\/die-richtige-vorbereitung-auf-die-volkslaeufe-im-sommer.html"},"author":{"name":"master","@id":"https:\/\/www.akw-fitness.de\/blog\/#\/schema\/person\/a56a1e298187a5bfaaceb1f80777c98b"},"headline":"Die richtige Vorbereitung auf die Volksl\u00e4ufe im Sommer","datePublished":"2012-03-08T07:29:52+00:00","dateModified":"2023-02-10T11:24:44+00:00","mainEntityOfPage":{"@id":"https:\/\/www.akw-fitness.de\/blog\/ausdauertraining\/die-richtige-vorbereitung-auf-die-volkslaeufe-im-sommer.html"},"wordCount":432,"commentCount":1,"publisher":{"@id":"https:\/\/www.akw-fitness.de\/blog\/#organization"},"keywords":["lauftraining"],"articleSection":["Ausdauertraining"],"inLanguage":"de","potentialAction":[{"@type":"CommentAction","name":"Comment","target":["https:\/\/www.akw-fitness.de\/blog\/ausdauertraining\/die-richtige-vorbereitung-auf-die-volkslaeufe-im-sommer.html#respond"]}]},{"@type":"WebPage","@id":"https:\/\/www.akw-fitness.de\/blog\/ausdauertraining\/die-richtige-vorbereitung-auf-die-volkslaeufe-im-sommer.html","url":"https:\/\/www.akw-fitness.de\/blog\/ausdauertraining\/die-richtige-vorbereitung-auf-die-volkslaeufe-im-sommer.html","name":"Die richtige Vorbereitung auf die Volksl\u00e4ufe im Sommer","isPartOf":{"@id":"https:\/\/www.akw-fitness.de\/blog\/#website"},"datePublished":"2012-03-08T07:29:52+00:00","dateModified":"2023-02-10T11:24:44+00:00","description":"Gro\u00dfe Ereignisse werfen ihre Schatten voraus. Volksl\u00e4ufe entwickeln sich immer mehr zum Breitensport und werden j\u00e4hrlich von einer gro\u00dfen Anzahl aktiver","breadcrumb":{"@id":"https:\/\/www.akw-fitness.de\/blog\/ausdauertraining\/die-richtige-vorbereitung-auf-die-volkslaeufe-im-sommer.html#breadcrumb"},"inLanguage":"de","potentialAction":[{"@type":"ReadAction","target":["https:\/\/www.akw-fitness.de\/blog\/ausdauertraining\/die-richtige-vorbereitung-auf-die-volkslaeufe-im-sommer.html"]}]},{"@type":"BreadcrumbList","@id":"https:\/\/www.akw-fitness.de\/blog\/ausdauertraining\/die-richtige-vorbereitung-auf-die-volkslaeufe-im-sommer.html#breadcrumb","itemListElement":[{"@type":"ListItem","position":1,"name":"Home","item":"https:\/\/www.akw-fitness.de\/blog"},{"@type":"ListItem","position":2,"name":"Die richtige Vorbereitung auf die Volksl\u00e4ufe im Sommer"}]},{"@type":"WebSite","@id":"https:\/\/www.akw-fitness.de\/blog\/#website","url":"https:\/\/www.akw-fitness.de\/blog\/","name":"Blog - AKW Fitness","description":"Blog - AKW Fitness","publisher":{"@id":"https:\/\/www.akw-fitness.de\/blog\/#organization"},"potentialAction":[{"@type":"SearchAction","target":{"@type":"EntryPoint","urlTemplate":"https:\/\/www.akw-fitness.de\/blog\/?s={search_term_string}"},"query-input":{"@type":"PropertyValueSpecification","valueRequired":true,"valueName":"search_term_string"}}],"inLanguage":"de"},{"@type":"Organization","@id":"https:\/\/www.akw-fitness.de\/blog\/#organization","name":"AKW Fitness & Sport Handels-GmbH","url":"https:\/\/www.akw-fitness.de\/blog\/","logo":{"@type":"ImageObject","inLanguage":"de","@id":"https:\/\/www.akw-fitness.de\/blog\/#\/schema\/logo\/image\/","url":"https:\/\/www.akw-fitness.de\/blog\/wp-content\/uploads\/2014\/08\/logo.png","contentUrl":"https:\/\/www.akw-fitness.de\/blog\/wp-content\/uploads\/2014\/08\/logo.png","width":168,"height":61,"caption":"AKW Fitness & Sport Handels-GmbH"},"image":{"@id":"https:\/\/www.akw-fitness.de\/blog\/#\/schema\/logo\/image\/"},"sameAs":["https:\/\/www.facebook.com\/AKWFitness\/","https:\/\/x.com\/akw_fitness","https:\/\/www.youtube.com\/channel\/UCwjhjjGbjpP-K_-4X0b5Uhg"]},{"@type":"Person","@id":"https:\/\/www.akw-fitness.de\/blog\/#\/schema\/person\/a56a1e298187a5bfaaceb1f80777c98b","name":"master"}]}},"_links":{"self":[{"href":"https:\/\/www.akw-fitness.de\/blog\/wp-json\/wp\/v2\/posts\/350","targetHints":{"allow":["GET"]}}],"collection":[{"href":"https:\/\/www.akw-fitness.de\/blog\/wp-json\/wp\/v2\/posts"}],"about":[{"href":"https:\/\/www.akw-fitness.de\/blog\/wp-json\/wp\/v2\/types\/post"}],"author":[{"embeddable":true,"href":"https:\/\/www.akw-fitness.de\/blog\/wp-json\/wp\/v2\/users\/1"}],"replies":[{"embeddable":true,"href":"https:\/\/www.akw-fitness.de\/blog\/wp-json\/wp\/v2\/comments?post=350"}],"version-history":[{"count":6,"href":"https:\/\/www.akw-fitness.de\/blog\/wp-json\/wp\/v2\/posts\/350\/revisions"}],"predecessor-version":[{"id":2657,"href":"https:\/\/www.akw-fitness.de\/blog\/wp-json\/wp\/v2\/posts\/350\/revisions\/2657"}],"wp:attachment":[{"href":"https:\/\/www.akw-fitness.de\/blog\/wp-json\/wp\/v2\/media?parent=350"}],"wp:term":[{"taxonomy":"category","embeddable":true,"href":"https:\/\/www.akw-fitness.de\/blog\/wp-json\/wp\/v2\/categories?post=350"},{"taxonomy":"post_tag","embeddable":true,"href":"https:\/\/www.akw-fitness.de\/blog\/wp-json\/wp\/v2\/tags?post=350"}],"curies":[{"name":"wp","href":"https:\/\/api.w.org\/{rel}","templated":true}]}}